
{"id":5597,"date":"2026-09-02T11:23:52","date_gmt":"2026-09-02T11:23:52","guid":{"rendered":"https:\/\/drcinqatar.org\/?p=5597"},"modified":"2026-09-02T11:23:54","modified_gmt":"2026-09-02T11:23:54","slug":"allocution-de-son-excellence-monsieurfelix-antoine-tshisekedi-tshilombopresident-de-la-republique-democratiquedu-congo-a-loccasion-du-66emeanniversaire-de-lindependance-de-larepubli","status":"publish","type":"post","link":"https:\/\/drcinqatar.org\/fr\/allocution-de-son-excellence-monsieurfelix-antoine-tshisekedi-tshilombopresident-de-la-republique-democratiquedu-congo-a-loccasion-du-66emeanniversaire-de-lindependance-de-larepubli\/","title":{"rendered":"ALLOCUTION DE SON EXCELLENCE MONSIEURFELIX-ANTOINE TSHISEKEDI TSHILOMBO,PRESIDENT DE LA REPUBLIQUE DEMOCRATIQUEDU CONGO A L\u2019OCCASION DU 66\u00e8meANNIVERSAIRE DE L\u2019INDEPENDANCE DE LAREPUBLIQUE DEMOCRATIQUE DU CONGO"},"content":{"rendered":"\n<p><strong>Congolaises, Congolais,<br>Mes tr\u00e8s chers compatriotes,<\/strong><\/p>\n\n\n\n<p>En ce jour solennel du 30 juin 2026, notre Nation c\u00e9l\u00e8bre le 66\u00e8me anniversaire de son accession \u00e0 l\u2019ind\u00e9pendance.<\/p>\n\n\n\n<p>Soixante-six ans se sont \u00e9coul\u00e9s depuis ce jour historique o\u00f9 le peuple congolais, apr\u00e8s de longues ann\u00e9es de domination coloniale, s\u2019est lev\u00e9 dans sa dignit\u00e9 pour affirmer devant le monde son droit inali\u00e9nable \u00e0 la libert\u00e9, \u00e0 l\u2019autod\u00e9termination et \u00e0 la ma\u00eetrise de son destin.<\/p>\n\n\n\n<p>Le 30 juin n\u2019est donc pas une simple date de notre calendrier r\u00e9publicain. Il est \u00e0 la fois une m\u00e9moire, une promesse et une responsabilit\u00e9.<\/p>\n\n\n\n<p>Il est la m\u00e9moire de celles et ceux qui, par leur courage et leur sacrifice, ont ouvert le chemin de notre libert\u00e9. Pour eux, l\u2019unit\u00e9, la dignit\u00e9 et la souverainet\u00e9 du peuple congolais avaient plus de valeur que leur propre vie.<\/p>\n\n\n\n<p>Il est aussi la promesse faite \u00e0 chaque g\u00e9n\u00e9ration de ne jamais renoncer \u00e0 l\u2019id\u00e9al d\u2019un Congo libre, uni et souverain.<\/p>\n\n\n\n<p>Il est enfin une responsabilit\u00e9 ; celle de prot\u00e9ger, d\u2019approfondir et d\u2019incarner chaque jour l\u2019ind\u00e9pendance conquise par nos p\u00e8res, dans nos institutions, notre \u00e9conomie, notre diplomatie, notre d\u00e9fense nationale et notre engagement collectif au service de la R\u00e9publique.<\/p>\n\n\n\n<p>En ce jour de communion nationale, je m\u2019incline avec respect devant la m\u00e9moire de nos P\u00e8res de l\u2019ind\u00e9pendance, de nos h\u00e9ros nationaux, de nos martyrs et de tous les combattants de la libert\u00e9, connus ou anonymes, qui ont fait de ce pays une patrie libre.<\/p>\n\n\n\n<p>Je rends un hommage particulier \u00e0 Joseph Kasa-Vubu, \u00e0 Patrice Emery Lumumba, ainsi qu\u2019\u00e0 tous les b\u00e2tisseurs de notre conscience nationale.<\/p>\n\n\n\n<p>Je rends \u00e9galement hommage \u00e0 toutes les femmes et \u00e0 tous les hommes qui, dans nos villages, nos villes, nos \u00e9coles, nos \u00e9glises, nos administrations, nos mines, nos champs, nos march\u00e9s, nos entreprises et nos familles, continuent chaque jour, par leur travail, leur courage et leur r\u00e9silience, de porter la R\u00e9publique \u00e0 bout de bras.<\/p>\n\n\n\n<p><strong>Mes tr\u00e8s chers compatriotes,<\/strong><\/p>\n\n\n\n<p>Cette ann\u00e9e encore, notre f\u00eate nationale intervient dans un contexte grave.<\/p>\n\n\n\n<p>\u00c0 l\u2019Est de notre pays, nos compatriotes continuent de subir les cons\u00e9quences douloureuses de l\u2019agression, de l\u2019activisme des groupes arm\u00e9s, des terroristes, des violences contre les civils, des d\u00e9placements forc\u00e9s, des pillages, des pr\u00e9dations \u00e9conomiques et des violations r\u00e9p\u00e9t\u00e9es du droit international.<\/p>\n\n\n\n<p>Je pense, en cet instant, \u00e0 nos fr\u00e8res et s\u0153urs du Nord-Kivu, du Sud-Kivu, de l\u2019Ituri, du Tanganyika, du Maniema et de toutes les zones meurtries par l\u2019ins\u00e9curit\u00e9.<\/p>\n\n\n\n<p>Je pense aux familles endeuill\u00e9es, aux d\u00e9plac\u00e9s contraints de vivre loin de leurs terres, aux femmes victimes de violences, aux enfants priv\u00e9s d\u2019\u00e9cole, aux paysans priv\u00e9s de leurs champs, aux commer\u00e7ants priv\u00e9s de leurs activit\u00e9s et aux jeunes priv\u00e9s de perspectives par la guerre et par la peur.<\/p>\n\n\n\n<p>\u00c0 chacun d\u2019entre eux, je veux redire, au nom de la Nation tout enti\u00e8re : vous n\u2019\u00eates pas oubli\u00e9s.<\/p>\n\n\n\n<p>Votre douleur est celle de toute la R\u00e9publique, et votre s\u00e9curit\u00e9 demeure une priorit\u00e9 absolue de mon action.<\/p>\n\n\n\n<p>Je rends un hommage solennel \u00e0 nos Forces Arm\u00e9es, \u00e0 notre Police nationale, \u00e0 nos services de s\u00e9curit\u00e9, ainsi qu\u2019aux r\u00e9sistants patriotes Wazalendo engag\u00e9s dans le cadre l\u00e9gal de la d\u00e9fense de la patrie.<\/p>\n\n\n\n<p>\u00c0 vous qui tenez les lignes, qui d\u00e9fendez nos fronti\u00e8res et qui prot\u00e9gez nos populations, la Nation reconnaissante vous dit merci.<\/p>\n\n\n\n<p>Votre courage est le rempart de notre souverainet\u00e9, et votre engagement restera inscrit dans la m\u00e9moire de la R\u00e9publique.<\/p>\n\n\n\n<p><strong>Mes tr\u00e8s chers compatriotes,<\/strong><\/p>\n\n\n\n<p>L\u2019ann\u00e9e derni\u00e8re, \u00e0 la m\u00eame p\u00e9riode, je m\u2019adressais \u00e0 vous au lendemain d\u2019avanc\u00e9es diplomatiques importantes, notamment dans le cadre de l\u2019Accord de Washington et des discussions de Doha.<\/p>\n\n\n\n<p>Ces d\u00e9marches avaient ouvert une esp\u00e9rance et replac\u00e9 la trag\u00e9die congolaise au c\u0153ur des agendas r\u00e9gionaux et internationaux.<\/p>\n\n\n\n<p>Elles ont surtout\u2026<\/p>\n\n\n\n<p>Consacr\u00e9 une v\u00e9rit\u00e9 essentielle : aucune paix durable dans la r\u00e9gion des Grands Lacs ne peut se b\u00e2tir contre la souverainet\u00e9 de la R\u00e9publique D\u00e9mocratique du Congo, ni au d\u00e9triment de la dignit\u00e9 de son peuple.<\/p>\n\n\n\n<p>Le choix de la diplomatie n\u2019a jamais \u00e9t\u00e9 un signe de faiblesse. Il fut le choix de la responsabilit\u00e9, de la ma\u00eetrise et de la recherche, par tous les moyens l\u00e9gitimes, de la fin des souffrances impos\u00e9es \u00e0 nos populations.<\/p>\n\n\n\n<p>Les Accords de Washington, les discussions de Doha et les engagements de Montreux n\u2019ont de sens que s\u2019ils produisent des r\u00e9sultats concrets, v\u00e9rifiables et irr\u00e9versibles : le silence des armes, la fin de tout soutien aux groupes arm\u00e9s, le retrait effectif des forces \u00e9trang\u00e8res non invit\u00e9es, le d\u00e9sarmement des combattants, le retour digne et s\u00e9curis\u00e9 des d\u00e9plac\u00e9s et des r\u00e9fugi\u00e9s, la protection des civils, la restauration de l\u2019autorit\u00e9 de l\u2019\u00c9tat, la justice pour les victimes et des garanties cr\u00e9dibles de non-r\u00e9p\u00e9tition.<\/p>\n\n\n\n<p>La R\u00e9publique D\u00e9mocratique du Congo reste engag\u00e9e en faveur de la paix. Elle respecte sa parole, honore ses engagements et demeure ouverte au dialogue lorsqu\u2019il est sinc\u00e8re, \u00e9quilibr\u00e9 et conforme aux int\u00e9r\u00eats fondamentaux de la Nation.<\/p>\n\n\n\n<p>Mais la paix ne peut \u00eatre ni une mise entre parenth\u00e8ses de la v\u00e9rit\u00e9, ni une r\u00e9compense accord\u00e9e \u00e0 ceux qui prennent les armes contre la R\u00e9publique, encore moins un compromis sur notre souverainet\u00e9, notre justice ou notre int\u00e9grit\u00e9 territoriale.<\/p>\n\n\n\n<p>La paix que nous recherchons est une paix juste : une paix qui respecte les fronti\u00e8res, restaure l\u2019autorit\u00e9 de l\u2019\u00c9tat, sanctionne les crimes et transforme nos ressources naturelles en instruments de d\u00e9veloppement, non en carburant de guerre.<\/p>\n\n\n\n<p>C\u2019est cette paix-l\u00e0 que nous voulons. C\u2019est cette paix-l\u00e0 que nous d\u00e9fendrons.<\/p>\n\n\n\n<p>Je remercie nos partenaires qui accompagnent ces efforts, notamment les \u00c9tats-Unis d\u2019Am\u00e9rique, l\u2019\u00c9tat du Qatar, l\u2019Union africaine, les Nations Unies, la SADC, l\u2019EAC, la CIRGL, ainsi que tous les pays amis engag\u00e9s en faveur de la paix dans notre r\u00e9gion.<\/p>\n\n\n\n<p>La R\u00e9publique D\u00e9mocratique du Congo ne sera plus r\u00e9duite \u00e0 l\u2019image d\u2019un pays que l\u2019on convoite, que l\u2019on pille ou que l\u2019on d\u00e9stabilise. J\u2019en ai fait le serment devant la Nation.<\/p>\n\n\n\n<p>Et depuis mon accession \u00e0 la magistrature supr\u00eame, je travaille \u00e0 faire reconna\u00eetre notre pays pour ce qu\u2019il est v\u00e9ritablement appel\u00e9 \u00e0 devenir : un pilier de paix, de croissance, de transition \u00e9nerg\u00e9tique, de stabilit\u00e9 r\u00e9gionale et de prosp\u00e9rit\u00e9 partag\u00e9e en Afrique et dans le monde.<\/p>\n\n\n\n<p>Le regard port\u00e9 sur notre pays est d\u2019ailleurs en train de changer. La R\u00e9publique D\u00e9mocratique du Congo n\u2019est plus seulement per\u00e7ue comme un territoire de crises ; elle est d\u00e9sormais identifi\u00e9e comme un \u00ab pays solutions \u00bb, gr\u00e2ce notamment \u00e0 nos minerais critiques \u2014 le cobalt, le cuivre, le coltan, le lithium \u2014 qui participent d\u00e9j\u00e0 \u00e0 fa\u00e7onner l\u2019avenir du monde et conf\u00e8rent \u00e0 notre pays un levier historique de repositionnement et de transformation.<\/p>\n\n\n\n<p>C\u2019est dans cette perspective que s\u2019inscrit le partenariat strat\u00e9gique que nous construisons avec les \u00c9tats-Unis d\u2019Am\u00e9rique, ainsi que ceux que nous entendons nouer avec nos autres partenaires.<\/p>\n\n\n\n<p>Tous doivent r\u00e9pondre \u00e0 une exigence claire : servir les int\u00e9r\u00eats fondamentaux du peuple congolais, renforcer notre souverainet\u00e9, soutenir la paix, favoriser la transformation locale, s\u00e9curiser les cha\u00eenes de valeur et cr\u00e9er des emplois durables pour notre jeunesse.<\/p>\n\n\n\n<p>Le temps o\u00f9 nos minerais \u00e9taient extraits chez nous, export\u00e9s \u00e0 l\u2019\u00e9tat brut, valoris\u00e9s ailleurs, puis revendus au monde pendant que nos populations demeuraient dans la pauvret\u00e9, appartient d\u00e9sormais au pass\u00e9.<\/p>\n\n\n\n<p>C\u2019est dans cette m\u00eame perspective que la R\u00e9publique D\u00e9mocratique du Congo assume la pr\u00e9sidence de la Conf\u00e9rence internationale sur la r\u00e9gion des Grands Lacs, avec l\u2019ambition d\u2019en faire un cadre plus utile, plus responsable et plus efficace au service de la paix, de la s\u00e9curit\u00e9, de la stabilit\u00e9 et du d\u00e9veloppement partag\u00e9.<\/p>\n\n\n\n<p>Nous y d\u00e9fendons des principes clairs de respect de l\u2019int\u00e9grit\u00e9 territoriale des \u00c9tats, de non-ing\u00e9rence, de lutte contre l\u2019exploitation ill\u00e9gale des ressources naturelles, d\u2019int\u00e9gration \u00e9conomique, de s\u00e9curit\u00e9 collective et de responsabilit\u00e9 face aux engagements pris.<\/p>\n\n\n\n<p>C\u2019est \u00e9galement cette voix que notre pays portera au Conseil de s\u00e9curit\u00e9 des Nations Unies, notamment lors de la r\u00e9union de haut niveau que j\u2019aurai l\u2019honneur de pr\u00e9sider le mois prochain sur les liens entre ressources naturelles, paix, s\u00e9curit\u00e9 et d\u00e9veloppement durable.<\/p>\n\n\n\n<p>Notre message sera clair : les ressources naturelles de la R\u00e9publique D\u00e9mocratique du Congo ne doivent plus \u00eatre regard\u00e9es comme une mal\u00e9diction. Elles doivent devenir un levier de paix, de prosp\u00e9rit\u00e9, de souverainet\u00e9, de justice et de transformation pour le peuple congolais.<\/p>\n\n\n\n<p><strong>Mes tr\u00e8s chers compatriotes,<\/strong><\/p>\n\n\n\n<p>La sant\u00e9 de nos populations demeure une priorit\u00e9 essentielle de notre action publique.<\/p>\n\n\n\n<p>Aucune Nation ne peut pr\u00e9tendre \u00e0 une prosp\u00e9rit\u00e9 durable sans un syst\u00e8me de sant\u00e9 solide, accessible et r\u00e9silient.<\/p>\n\n\n\n<p>C\u2019est dans cet esprit que nous avons poursuivi, ces derni\u00e8res ann\u00e9es, le renforcement de nos infrastructures sanitaires, des capacit\u00e9s de nos personnels de sant\u00e9, de la surveillance \u00e9pid\u00e9miologique et de la recherche m\u00e9dicale, notamment \u00e0 travers l\u2019expertise reconnue de l\u2019Institut National de Recherche Biom\u00e9dicale.<\/p>\n\n\n\n<p>Alors que ces efforts se poursuivent, notre pays fait face \u00e0 une nouvelle \u00e9preuve sanitaire : la r\u00e9surgence de l\u2019\u00e9pid\u00e9mie de maladie \u00e0 virus \u00c9bola, caus\u00e9e par la souche Bundibugyo.<\/p>\n\n\n\n<p>Cette nouvelle flamb\u00e9e \u00e9pid\u00e9mique touche principalement les zones de sant\u00e9 de Rwampara, Mongwalu et Bunia, dans la province de l\u2019Ituri.<\/p>\n\n\n\n<p>En ces circonstances douloureuses, j\u2019adresse d\u2019abord la compassion de la Nation aux familles qui ont perdu un \u00eatre cher, ainsi qu\u2019\u00e0 toutes les personnes touch\u00e9es par cette \u00e9preuve.<\/p>\n\n\n\n<p>Face \u00e0 cette menace, les m\u00e9canismes de riposte ont \u00e9t\u00e9 rapidement activ\u00e9s.<\/p>\n\n\n\n<p>Fort de l\u2019exp\u00e9rience acquise lors des pr\u00e9c\u00e9dentes flamb\u00e9es d\u2019\u00c9bola, notre pays dispose aujourd\u2019hui de capacit\u00e9s renforc\u00e9es pour pr\u00e9venir, d\u00e9tecter, isoler, prendre en charge et prot\u00e9ger nos populations.<\/p>\n\n\n\n<p>Un plan global de riposte, budg\u00e9tis\u00e9 \u00e0 319 millions de dollars am\u00e9ricains, a \u00e9t\u00e9 \u00e9labor\u00e9.<\/p>\n\n\n\n<p>Les premiers moyens n\u00e9cessaires ont \u00e9t\u00e9 mobilis\u00e9s en urgence par le Gouvernement afin d\u2019appuyer les op\u00e9rations sur le terrain, limiter la propagation de la maladie et sauver le plus grand nombre de vies possible.<\/p>\n\n\n\n<p>Je veux ici saluer le courage et le professionnalisme de nos m\u00e9decins, chercheurs, infirmiers, techniciens de laboratoire, agents de sant\u00e9 communautaires, \u00e9quipes de surveillance, autorit\u00e9s provinciales, autorit\u00e9s coutumi\u00e8res, partenaires techniques et financiers, ainsi que des communaut\u00e9s locales engag\u00e9es dans cette riposte.<\/p>\n\n\n\n<p>Dans des conditions souvent difficiles, parfois au contact m\u00eame direct du danger, ces femmes et ces hommes prot\u00e8gent des vies, rassurent les familles, accompagnent les malades et renforcent la r\u00e9silience de notre syst\u00e8me de sant\u00e9.<\/p>\n\n\n\n<p>Ils m\u00e9ritent la reconnaissance de toute la Nation.<\/p>\n\n\n\n<p>J\u2019appelle nos compatriotes vivant dans les zones concern\u00e9es, ainsi que l\u2019ensemble de la population, \u00e0 demeurer vigilants, responsables et disciplin\u00e9s.<\/p>\n\n\n\n<p>\u00c9bola n\u2019est ni une rumeur ni une honte. C\u2019est une urgence sanitaire qui exige responsabilit\u00e9, solidarit\u00e9 et v\u00e9rit\u00e9.<\/p>\n\n\n\n<p>Je demande \u00e0 chacune et \u00e0 chacun de respecter les consignes des autorit\u00e9s sanitaires, d\u2019observer les mesures d\u2019hygi\u00e8ne, de signaler imm\u00e9diatement tout cas suspect, d\u2019\u00e9viter les pratiques \u00e0 risque et de ne pas c\u00e9der \u00e0 la d\u00e9sinformation.<\/p>\n\n\n\n<p>Dans cette \u00e9preuve, notre force r\u00e9sidera dans la confiance, la discipline collective, la solidarit\u00e9 nationale et la capacit\u00e9 de l\u2019\u00c9tat \u00e0 agir rapidement, efficacement et au plus pr\u00e8s des populations.<\/p>\n\n\n\n<p><strong>Mes tr\u00e8s chers compatriotes,<\/strong><\/p>\n\n\n\n<p>En ce jour particulier, je voudrais m\u2019adresser \u00e0 toutes les Congolaises et \u00e0 tous les Congolais, au-del\u00e0 des convictions, des sensibilit\u00e9s et des appartenances politiques.<\/p>\n\n\n\n<p>Notre pays traverse des d\u00e9bats politiques importants. Cela est normal dans une d\u00e9mocratie vivante.<\/p>\n\n\n\n<p>Le d\u00e9bat est l\u00e9gitime, le d\u00e9saccord est naturel, la contradiction est utile, lorsqu\u2019ils s\u2019expriment dans le respect de la R\u00e9publique, de ses institutions, de ses lois et de l\u2019int\u00e9r\u00eat sup\u00e9rieur de la Nation.<\/p>\n\n\n\n<p>Je veux cependant rappeler un principe essentiel : aucune ambition personnelle ou partisane ne vaut plus que la paix de tous ; aucune divergence politique ne doit \u00eatre plus forte que l\u2019unit\u00e9 de la R\u00e9publique ; aucune strat\u00e9gie de conqu\u00eate ou de contestation du pouvoir ne doit fragiliser la souverainet\u00e9 du peuple congolais.<\/p>\n\n\n\n<p>J\u2019entends les discussions suscit\u00e9es autour de la Constitution et des r\u00e9formes institutionnelles.<\/p>\n\n\n\n<p>Dans une d\u00e9mocratie, aucune question d\u2019int\u00e9r\u00eat national ne doit \u00eatre confisqu\u00e9e ni interdite de r\u00e9flexion.<\/p>\n\n\n\n<p>Mais, dans le m\u00eame temps, aucun d\u00e9bat touchant au pacte fondamental de la Nation ne peut \u00eatre conduit dans la pr\u00e9cipitation, la manipulation ou l\u2019obsession politicienne.<\/p>\n\n\n\n<p>La Constitution n\u2019est ni un instrument de circonstance, ni un objet de convenance.<\/p>\n\n\n\n<p>Elle organise notre vie commune, garantit l\u2019\u00e9quilibre de nos institutions, consacre les droits du peuple et prot\u00e8ge la stabilit\u00e9 de la R\u00e9publique.<\/p>\n\n\n\n<p>En d\u00e9battre exige donc s\u00e9r\u00e9nit\u00e9, rigueur, transparence et sens \u00e9lev\u00e9 de l\u2019int\u00e9r\u00eat g\u00e9n\u00e9ral.<\/p>\n\n\n\n<p>Ma responsabilit\u00e9, comme Chef de l\u2019\u00c9tat et garant de la Nation, est de veiller \u00e0 ce que les d\u00e9bats engageant l\u2019avenir du pays se tiennent dans le respect de la Constitution, de l\u2019\u00c9tat de droit, des institutions et de la souverainet\u00e9 populaire.<\/p>\n\n\n\n<p>Elle est aussi d\u2019\u00e9couter, d\u2019apaiser, de clarifier et, lorsque cela s\u2019impose, de rechercher les voies d\u2019un consensus national responsable.<\/p>\n\n\n\n<p>S\u2019agissant de la loi r\u00e9f\u00e9rendaire adopt\u00e9e par les deux Chambres du Parlement, je tiens \u00e0 rappeler qu\u2019elle rel\u00e8ve du fonctionnement normal de nos institutions et du principe de s\u00e9paration des pouvoirs.<\/p>\n\n\n\n<p>Dans une R\u00e9publique d\u00e9mocratique, le Parlement d\u00e9bat, d\u00e9lib\u00e8re et l\u00e9gif\u00e8re.<\/p>\n\n\n\n<p>Le Pr\u00e9sident de la R\u00e9publique, garant du bon fonctionnement des institutions, exerce les pr\u00e9rogatives que lui conf\u00e8re la Constitution.<\/p>\n\n\n\n<p>Les juridictions comp\u00e9tentes, quant \u00e0 elles, veillent au respect de l\u2019ordre constitutionnel et de l\u2019\u00c9tat de droit.<\/p>\n\n\n\n<p>C\u2019est dans cet esprit de coop\u00e9ration interinstitutionnelle et de respect de l\u2019\u00c9tat de droit que j\u2019ai d\u00e9f\u00e9r\u00e9 cette loi \u00e0 la Cour constitutionnelle, aux fins d\u2019examen de sa constitutionnalit\u00e9, avant sa promulgation \u00e9ventuelle, conform\u00e9ment \u00e0 l\u2019article 160, alin\u00e9a 3, de notre Constitution.<\/p>\n\n\n\n<p>Cette d\u00e9marche proc\u00e8de d\u2019une conviction r\u00e9publicaine profonde : dans une d\u00e9mocratie, aucune d\u00e9cision, aussi importante soit-elle, ne saurait s\u2019affranchir des r\u00e8gles, des proc\u00e9dures et des garanties que nous impose la Loi fondamentale.<\/p>\n\n\n\n<p>La R\u00e9publique ne ferme la porte \u00e0 aucun de ses enfants, d\u00e8s lors qu\u2019ils choisissent la voie de la paix, du dialogue, du respect des institutions et de la loyaut\u00e9 envers la Nation.<\/p>\n\n\n\n<p>Mais le dialogue ne peut \u00eatre d\u00e9tourn\u00e9 de son sens.<\/p>\n\n\n\n<p>Il ne saurait devenir un instrument de pression, de contournement des institutions ou de remise en cause de la volont\u00e9 du peuple, telle qu\u2019elle s\u2019exprime conform\u00e9ment \u00e0 la Constitution et aux lois de la R\u00e9publique.<\/p>\n\n\n\n<p>Le peuple congolais est le seul souverain.<\/p>\n\n\n\n<p>Nul ne peut parler durablement au nom de la Nation contre la Nation elle-m\u00eame.<\/p>\n\n\n\n<p>Nul ne peut pr\u00e9tendre d\u00e9fendre la d\u00e9mocratie tout en refusant les principes qui la fondent, \u00e0 savoir : le d\u00e9bat libre, le respect des institutions, la s\u00e9paration des pouvoirs, la souverainet\u00e9 populaire et la responsabilit\u00e9 devant le peuple.<\/p>\n\n\n\n<p>\u00c0 ce stade, je voudrais surtout insister sur un point, avec la plus grande fermet\u00e9 : le recours \u00e0 la violence, aux armes, \u00e0 la haine, \u00e0 la d\u00e9sinformation ou \u00e0 toute forme d\u2019atteinte \u00e0 notre souverainet\u00e9 et \u00e0 notre int\u00e9grit\u00e9 territoriale ne saurait constituer un mode d\u2019expression politique.<\/p>\n\n\n\n<p>Il ne peut, en aucun cas, ouvrir un droit particulier \u00e0 la n\u00e9gociation, ni placer ceux qui menacent la R\u00e9publique au-dessus de ceux qui respectent ses lois.<\/p>\n\n\n\n<p>Nous pouvons d\u00e9battre, diverger et nous opposer dans le cadre r\u00e9publicain.<\/p>\n\n\n\n<p>Mais nous n\u2019avons pas le droit d\u2019affaiblir la Nation au moment o\u00f9 elle fait face \u00e0 des menaces existentielles.<\/p>\n\n\n\n<p>Face aux d\u00e9fis qui p\u00e8sent sur notre pays, l\u2019unit\u00e9 nationale n\u2019est pas une option : elle est une exigence historique, elle est un imp\u00e9ratif absolu !<\/p>\n\n\n\n<p>J\u2019appelle donc les acteurs politiques, de la majorit\u00e9 comme de l\u2019opposition, les responsables sociaux, religieux, \u00e9conomiques, m\u00e9diatiques et associatifs, ainsi que l\u2019ensemble de la soci\u00e9t\u00e9 civile, \u00e0 faire preuve de hauteur, de retenue et de responsabilit\u00e9.<\/p>\n\n\n\n<p><strong>Mes tr\u00e8s chers compatriotes,<\/strong><\/p>\n\n\n\n<p>Au milieu des \u00e9preuves que traverse notre Nation, cette ann\u00e9e nous aura \u00e9galement offert un puissant motif de fiert\u00e9 collective : nos L\u00e9opards viennent d\u2019\u00e9crire une page historique du football congolais.<\/p>\n\n\n\n<p>52 ans apr\u00e8s notre derni\u00e8re participation \u00e0 une Coupe du monde, ils ont non seulement ramen\u00e9 la R\u00e9publique D\u00e9mocratique du Congo sur la sc\u00e8ne mondiale, mais ils viennent aussi de franchir, avec courage et panache, un cap in\u00e9dit de notre histoire sportive.<\/p>\n\n\n\n<p>Par leur brillante victoire face \u00e0 l\u2019Ouzb\u00e9kistan, sur le score de 3 buts \u00e0 1, nos L\u00e9opards se sont qualifi\u00e9s pour la phase \u00e0 \u00e9limination directe, offrant \u00e0 notre peuple une joie immense, une \u00e9motion rare et une fiert\u00e9 qui d\u00e9passe le seul cadre du sport.<\/p>\n\n\n\n<p>Au-del\u00e0 du r\u00e9sultat, cette victoire porte une signification profonde.<\/p>\n\n\n\n<p>Elle nous rappelle qu\u2019aucun objectif n\u2019est hors de port\u00e9e lorsque la discipline, le travail, la solidarit\u00e9 et la foi en nos propres forces se conjuguent.<\/p>\n\n\n\n<p>Pendant plusieurs semaines, nos diff\u00e9rences se sont effac\u00e9es derri\u00e8re un m\u00eame drapeau.<\/p>\n\n\n\n<p>Le Nord et le Sud, l\u2019Est et l\u2019Ouest, les Congolais de l\u2019int\u00e9rieur comme ceux de la diaspora ont vibr\u00e9 d\u2019un m\u00eame c\u0153ur, dans une m\u00eame ferveur et avec une m\u00eame fiert\u00e9.<\/p>\n\n\n\n<p>Voil\u00e0 l\u2019image du Congo que nous devons pr\u00e9server et faire grandir : un Congo uni, ambitieux, r\u00e9silient et d\u00e9termin\u00e9 \u00e0 tenir son rang parmi les Nations.<\/p>\n\n\n\n<p>Par leur courage, leur combativit\u00e9 et leur attachement au maillot national, nos L\u00e9opards ont rappel\u00e9 au monde que la R\u00e9publique D\u00e9mocratique du Congo ne se r\u00e9sume pas \u00e0 ses crises.<\/p>\n\n\n\n<p>Le Congo, c\u2019est aussi le talent, l\u2019audace, la discipline, la r\u00e9silience et cette capacit\u00e9 de croire jusqu\u2019au bout, m\u00eame lorsque le chemin semble difficile.<\/p>\n\n\n\n<p>J\u2019adresse, au nom de la Nation, mes chaleureuses f\u00e9licitations aux joueurs, au staff technique, aux dirigeants sportifs, \u00e0 la F\u00e9d\u00e9ration, aux supporters, ainsi qu\u2019\u00e0 toute la jeunesse congolaise qui s\u2019est reconnue dans cette magnifique aventure.<\/p>\n\n\n\n<p>\u00c0 nos L\u00e9opards, qui s\u2019appr\u00eatent d\u00e9sormais \u00e0 d\u00e9fier l\u2019Angleterre en seizi\u00e8me de finale, je veux adresser un message simple : entrez sur le terrain avec la s\u00e9r\u00e9nit\u00e9 de ceux qui ont d\u00e9j\u00e0 honor\u00e9 la Nation, mais aussi avec l\u2019audace de ceux qui savent que l\u2019histoire n\u2019a pas encore livr\u00e9 son dernier mot.<\/p>\n\n\n\n<p>Jouez avec discipline, courage, intelligence et surtout sans regrets.<\/p>\n\n\n\n<p>Vous avez d\u00e9j\u00e0 fait battre le c\u0153ur des congolaises et des congolais.<\/p>\n\n\n\n<p>Vous avez d\u00e9j\u00e0 rendu tout un peuple fier.<\/p>\n\n\n\n<p>Mais nous continuons \u00e0 croire en vous et en votre capacit\u00e9 \u00e0 aller plus loin, \u00e0 surprendre encore, \u00e0 faire reculer les limites du possible et \u00e0 \u00e9crire, sous nos couleurs, une nouvelle page de notre grandeur nationale.<\/p>\n\n\n\n<p>Quelle que soit l\u2019adversit\u00e9, la R\u00e9publique D\u00e9mocratique du Congo vous accompagnera de sa ferveur, de ses pri\u00e8res et de son soutien ind\u00e9fectible.<\/p>\n\n\n\n<p>Entrez sur le terrain avec la force de tout un peuple uni derri\u00e8re vous.<\/p>\n\n\n\n<p>Le sport est une \u00e9cole de discipline, de coh\u00e9sion, d\u2019effort et de patriotisme.<\/p>\n\n\n\n<p>L\u2019esprit des L\u00e9opards doit inspirer la Nation enti\u00e8re : rester unis, d\u00e9fendre nos couleurs, croire en nos forces et combattre, chacun \u00e0 sa place, pour l\u2019honneur et la grandeur de la R\u00e9publique.<\/p>\n\n\n\n<p>Dans le m\u00eame \u00e9lan, je rends hommage \u00e0 nos artistes, scientifiques, chercheurs, entrepreneurs, cr\u00e9ateurs, ainsi qu\u2019\u00e0 toutes les femmes et \u00e0 tous les hommes qui, par leur talent, leur travail et leur excellence, contribuent au rayonnement de la R\u00e9publique D\u00e9mocratique du Congo \u00e0 travers le monde.<\/p>\n\n\n\n<p><strong>Mes tr\u00e8s chers compatriotes,<\/strong><\/p>\n\n\n\n<p>Soixante-six ans apr\u00e8s l\u2019ind\u00e9pendance, la R\u00e9publique D\u00e9mocratique du Congo demeure debout.<\/p>\n\n\n\n<p>Debout malgr\u00e9 les guerres, les convoitises, les blessures de l\u2019histoire et les \u00e9preuves travers\u00e9es.<\/p>\n\n\n\n<p>Debout, surtout, parce que son peuple n\u2019a jamais cess\u00e9 de croire en lui-m\u00eame, en sa dignit\u00e9 et en son destin.<\/p>\n\n\n\n<p>Cette force int\u00e9rieure, cette capacit\u00e9 \u00e0 r\u00e9sister et \u00e0 se relever, constitue l\u2019une des plus grandes richesses de notre Nation.<\/p>\n\n\n\n<p>Et aujourd\u2019hui, plus que jamais, notre responsabilit\u00e9 est d\u2019aller plus loin.<\/p>\n\n\n\n<p>L\u2019ind\u00e9pendance politique fut une conqu\u00eate historique.<\/p>\n\n\n\n<p>Notre devoir, d\u00e9sormais, est d\u2019en faire une souverainet\u00e9 pleinement v\u00e9cue, concr\u00e8te et irr\u00e9versible.<\/p>\n\n\n\n<p>Une souverainet\u00e9 s\u00e9curitaire, afin que plus aucun groupe arm\u00e9, plus aucune force \u00e9trang\u00e8re, plus aucun agenda ext\u00e9rieur ne puisse dicter sa loi sur une parcelle de notre territoire.<\/p>\n\n\n\n<p>Une souverainet\u00e9 \u00e9conomique, afin que les ressources de notre sol et de notre sous-sol servent d\u2019abord le d\u00e9veloppement de notre pays, la transformation de notre \u00e9conomie, la cr\u00e9ation de valeur locale, l\u2019\u00e9mergence de champions nationaux et le bien-\u00eatre de notre peuple.<\/p>\n\n\n\n<p>Une souverainet\u00e9 num\u00e9rique, afin que l\u2019identit\u00e9 de nos citoyens, les donn\u00e9es de notre pays et les services publics de notre \u00c9tat soient prot\u00e9g\u00e9s, modernis\u00e9s et mis au service des Congolaises et des Congolais.<\/p>\n\n\n\n<p>Une souverainet\u00e9 diplomatique, enfin, afin que la R\u00e9publique D\u00e9mocratique du Congo parle au monde avec respect, clart\u00e9, dignit\u00e9 et fermet\u00e9.<\/p>\n\n\n\n<p>Voil\u00e0 le sens profond que je donne \u00e0 cette c\u00e9l\u00e9bration : faire du 30 juin non seulement un moment de m\u00e9moire, mais aussi un appel au sursaut national.<\/p>\n\n\n\n<p>Notre R\u00e9publique est une maison commune.<\/p>\n\n\n\n<p>Chacun y a des droits, des devoirs, une dignit\u00e9 \u00e0 prot\u00e9ger et une responsabilit\u00e9 \u00e0 assumer.<\/p>\n\n\n\n<p>C\u2019est pourquoi nous devons regarder au-del\u00e0 des urgences du moment et pr\u00e9parer, avec m\u00e9thode et d\u00e9termination, le Congo de 2030, de 2040 et de 2050.<\/p>\n\n\n\n<p>Le Congo que nous voulons l\u00e9guer \u00e0 nos enfants est un Congo en paix, moderne, prosp\u00e8re et respect\u00e9 ; un Congo o\u00f9 chaque enfant acc\u00e8de \u00e0 une \u00e9ducation de qualit\u00e9, o\u00f9 chaque famille b\u00e9n\u00e9ficie de soins dignes, o\u00f9 chaque jeune peut trouver sa place, exercer son talent et r\u00e9aliser ses ambitions ; un Congo o\u00f9 les richesses nationales se transforment en emplois, en infrastructures, en services publics et en mieux-\u00eatre pour le peuple.<\/p>\n\n\n\n<p>Ce Congo ne se construira ni par la r\u00e9signation, ni par la division, ni par l\u2019attente passive.<\/p>\n\n\n\n<p>Il se construira par le travail, la discipline, l\u2019unit\u00e9, la probit\u00e9 et le sursaut patriotique.<\/p>\n\n\n\n<p>Chaque Congolaise et chaque Congolais a une part \u00e0 prendre dans cette \u0153uvre nationale : l\u2019enseignant qui forme avec conscience, le soldat qui prot\u00e8ge avec honneur, le policier qui s\u00e9curise sans abuser, le m\u00e9decin qui soigne avec d\u00e9vouement, le fonctionnaire qui sert avec probit\u00e9, le magistrat qui rend justice avec ind\u00e9pendance, l\u2019entrepreneur qui cr\u00e9e des emplois, le jeune qui innove, les parents qui \u00e9duquent dans les valeurs, le citoyen qui respecte la loi et prot\u00e8ge le bien public, la diaspora qui investit, transmet et valorise le pays.<\/p>\n\n\n\n<p>Comme le rappelait Nelson Mandela, \u00ab avec la libert\u00e9 viennent les responsabilit\u00e9s \u00bb.<\/p>\n\n\n\n<p>Notre ind\u00e9pendance nous a donn\u00e9 une Nation \u00e0 aimer ; elle nous confie aussi une R\u00e9publique \u00e0 servir, \u00e0 prot\u00e9ger et \u00e0 \u00e9lever.<\/p>\n\n\n\n<p>Car le patriotisme n\u2019est pas seulement un sentiment.<\/p>\n\n\n\n<p>Il est une conduite, une discipline, une mani\u00e8re de servir, de prot\u00e9ger, de respecter et d\u2019\u00e9lever la Nation.<\/p>\n\n\n\n<p>En ce 30 juin, levons-nous avec confiance, courage et amour pour la patrie.<\/p>\n\n\n\n<p><strong>Unis dans la v\u00e9rit\u00e9.<br>Fermes dans la souverainet\u00e9.<br>Responsables dans l\u2019action.<br>Solidaires dans l\u2019effort.<br>Confiants dans l\u2019avenir.<\/strong><\/p>\n\n\n\n<p><strong>Bonne f\u00eate de l\u2019Ind\u00e9pendance \u00e0 toutes et \u00e0 tous.<\/strong><\/p>\n\n\n\n<p>Que Dieu b\u00e9nisse la R\u00e9publique D\u00e9mocratique du Congo, son peuple et tous ceux qui l\u2019ont choisie comme pays de r\u00e9sidence.<\/p>\n\n\n\n<p><strong>Je vous remercie.<\/strong><\/p>\n","protected":false},"excerpt":{"rendered":"<p>Congolaises, Congolais,Mes tr\u00e8s chers compatriotes, En ce jour solennel du 30 juin 2026, notre Nation c\u00e9l\u00e8bre le 66\u00e8me anniversaire de son accession \u00e0 l\u2019ind\u00e9pendance. Soixante-six ans se sont \u00e9coul\u00e9s depuis ce jour historique o\u00f9 le peuple congolais, apr\u00e8s de longues ann\u00e9es de domination coloniale, s\u2019est lev\u00e9 dans sa dignit\u00e9 pour affirmer devant le monde son [&hellip;]<\/p>\n","protected":false},"author":1,"featured_media":5544,"comment_status":"open","ping_status":"open","sticky":false,"template":"","format":"standard","meta":{"_view_id":"","footnotes":""},"categories":[9],"tags":[],"class_list":["post-5597","post","type-post","status-publish","format-standard","has-post-thumbnail","hentry","category-non-classifiee"],"_links":{"self":[{"href":"https:\/\/drcinqatar.org\/fr\/wp-json\/wp\/v2\/posts\/5597","targetHints":{"allow":["GET"]}}],"collection":[{"href":"https:\/\/drcinqatar.org\/fr\/wp-json\/wp\/v2\/posts"}],"about":[{"href":"https:\/\/drcinqatar.org\/fr\/wp-json\/wp\/v2\/types\/post"}],"author":[{"embeddable":true,"href":"https:\/\/drcinqatar.org\/fr\/wp-json\/wp\/v2\/users\/1"}],"replies":[{"embeddable":true,"href":"https:\/\/drcinqatar.org\/fr\/wp-json\/wp\/v2\/comments?post=5597"}],"version-history":[{"count":1,"href":"https:\/\/drcinqatar.org\/fr\/wp-json\/wp\/v2\/posts\/5597\/revisions"}],"predecessor-version":[{"id":5598,"href":"https:\/\/drcinqatar.org\/fr\/wp-json\/wp\/v2\/posts\/5597\/revisions\/5598"}],"wp:featuredmedia":[{"embeddable":true,"href":"https:\/\/drcinqatar.org\/fr\/wp-json\/wp\/v2\/media\/5544"}],"wp:attachment":[{"href":"https:\/\/drcinqatar.org\/fr\/wp-json\/wp\/v2\/media?parent=5597"}],"wp:term":[{"taxonomy":"category","embeddable":true,"href":"https:\/\/drcinqatar.org\/fr\/wp-json\/wp\/v2\/categories?post=5597"},{"taxonomy":"post_tag","embeddable":true,"href":"https:\/\/drcinqatar.org\/fr\/wp-json\/wp\/v2\/tags?post=5597"}],"curies":[{"name":"wp","href":"https:\/\/api.w.org\/{rel}","templated":true}]}}