
{"id":5599,"date":"2026-09-02T12:13:35","date_gmt":"2026-09-02T12:13:35","guid":{"rendered":"https:\/\/drcinqatar.org\/?p=5599"},"modified":"2026-09-02T12:13:38","modified_gmt":"2026-09-02T12:13:38","slug":"allocution-de-son-excellence-monsieurfelix-antoine-tshisekedi-tshilombo-president-de-larepublique-democratique-du-congo-a-loccasion-delannonce-de-louverture-du-dialogue-nat","status":"publish","type":"post","link":"https:\/\/drcinqatar.org\/fr\/allocution-de-son-excellence-monsieurfelix-antoine-tshisekedi-tshilombo-president-de-larepublique-democratique-du-congo-a-loccasion-delannonce-de-louverture-du-dialogue-nat\/","title":{"rendered":"ALLOCUTION DE SON EXCELLENCE MONSIEURFELIX-ANTOINE TSHISEKEDI TSHILOMBO, PRESIDENT DE LAREPUBLIQUE DEMOCRATIQUE DU CONGO A L\u2019OCCASION DEL\u2019ANNONCE DE L\u2019OUVERTURE DU DIALOGUE NATIONALPOUR LA PAIX, LA COHESION ET LA REFONDATION DE L\u2019ETAT"},"content":{"rendered":"\n<p><strong>Kinshasa, le 27 Ao\u00fbt 2026<\/strong><\/p>\n\n\n\n<p><strong>Congolaises, Congolais,<\/strong><\/p>\n\n\n\n<p><strong>Mes tr\u00e8s chers compatriotes,<\/strong><\/p>\n\n\n\n<p>Dans la marche d\u2019une Nation, certains moments exigent davantage que la gestion du pr\u00e9sent : ils commandent d\u2019envisager l\u2019avenir avec lucidit\u00e9 et de le pr\u00e9parer avec courage.<\/p>\n\n\n\n<p>Lorsque les d\u00e9fis mettent \u00e0 l\u2019\u00e9preuve notre unit\u00e9 et notre destin collectif, nous devons savoir transcender nos clivages habituels, rassembler nos forces et transformer l\u2019\u00e9preuve en une occasion de renouveau.<\/p>\n\n\n\n<p>C\u2019est dans cet esprit de responsabilit\u00e9, de rassemblement et de confiance en l\u2019avenir que je m\u2019adresse aujourd\u2019hui \u00e0 la Nation.<\/p>\n\n\n\n<p>Depuis son accession \u00e0 l\u2019ind\u00e9pendance, notre pays a connu de grandes esp\u00e9rances, de remarquables \u00e9lans de courage et des victoires dont nous pouvons \u00eatre fiers. Mais il a \u00e9galement travers\u00e9 des crises qui ont \u00e9prouv\u00e9 son unit\u00e9, affaibli ses institutions et retard\u00e9 l\u2019accomplissement de son destin collectif.<\/p>\n\n\n\n<p>\u00c0 peine ind\u00e9pendante, notre jeune R\u00e9publique fut confront\u00e9e aux s\u00e9cessions, aux affrontements politiques, aux ing\u00e9rences ext\u00e9rieures et aux luttes pour le pouvoir. Vinrent ensuite les longues ann\u00e9es de forte concentration du pouvoir, les convulsions d\u2019une transition difficile, les guerres successives, les violences communautaires, l\u2019affaiblissement de l\u2019autorit\u00e9 de l\u2019\u00c9tat et la pr\u00e9dation de nos ressources.<\/p>\n\n\n\n<p>Depuis plus de trois d\u00e9cennies, l\u2019Est de notre pays porte dans sa chair la part la plus cruelle de cette histoire. Trente ans, ce n\u2019est plus une crise passag\u00e8re : c\u2019est une g\u00e9n\u00e9ration enti\u00e8re qui est d\u00e9cim\u00e9e.<\/p>\n\n\n\n<p>Des enfants sont n\u00e9s sous le bruit des armes, ont grandi dans l\u2019ins\u00e9curit\u00e9 et sont devenus, \u00e0 leur tour, les parents d\u2019enfants qui n\u2019ont jamais connu une paix v\u00e9ritable. Cela se passe dans notre pays.<\/p>\n\n\n\n<p>Des millions de nos compatriotes ont \u00e9t\u00e9 tu\u00e9s, d\u00e9plac\u00e9s ou contraints \u00e0 l\u2019exil. Des femmes ont subi l\u2019indicible. Des familles ont \u00e9t\u00e9 dispers\u00e9es, des villages d\u00e9truits et des communaut\u00e9s autrefois unies dress\u00e9es les unes contre les autres. Des richesses qui auraient d\u00fb financer nos \u00e9coles, nos h\u00f4pitaux, nos routes et notre d\u00e9veloppement ont aliment\u00e9 la guerre, la contrebande et la criminalit\u00e9 transnationale.<\/p>\n\n\n\n<p>\u00c0 Goma, Bukavu, Bunagana, Rutshuru, Masisi, Nyiragongo, Lubero, Beni, Djugu, Irumu, Kalehe, Uvira et dans tant d\u2019autres territoires meurtris, des g\u00e9n\u00e9rations enti\u00e8res ont appris \u00e0 vivre dans l\u2019incertitude, \u00e0 fuir dans l\u2019urgence et \u00e0 reb\u00e2tir sans cesse ce que l\u2019agresseur et ses suppl\u00e9tifs venaient de d\u00e9truire dans leur entreprise meurtri\u00e8re.<\/p>\n\n\n\n<p>Pourtant, hier comme aujourd\u2019hui, notre peuple a toujours r\u00e9sist\u00e9.<\/p>\n\n\n\n<p>Il a r\u00e9sist\u00e9 par son courage, par sa foi et par son ind\u00e9fectible attachement \u00e0 l\u2019unit\u00e9 nationale, port\u00e9 par une conviction profond\u00e9ment enracin\u00e9e, \u00e0 savoir : malgr\u00e9 les \u00e9preuves, nous demeurons une seule Nation, unie par une m\u00eame communaut\u00e9 de destin. Car la R\u00e9publique d\u00e9mocratique du Congo n\u2019a jamais cess\u00e9 de vivre dans le c\u0153ur de ses filles et de ses fils.<\/p>\n\n\n\n<p>C\u2019est pr\u00e9cis\u00e9ment cette fid\u00e9lit\u00e9 \u00e0 la R\u00e9publique qui, chaque fois que la souverainet\u00e9, l\u2019int\u00e9grit\u00e9 du territoire, l\u2019unit\u00e9 nationale, la paix civile ou la stabilit\u00e9 des institutions \u00e9taient menac\u00e9es, a conduit les Congolais \u00e0 se retrouver autour d\u2019une m\u00eame table.<\/p>\n\n\n\n<p>Face aux armes, aux divisions et aux blessures de l\u2019histoire, nous avons toujours su rechercher, par la parole, le chemin du compromis. Le dialogue s\u2019est ainsi impos\u00e9 comme la voie du consensus, de la r\u00e9conciliation et de la reconstruction nationale.<\/p>\n\n\n\n<p>Nous avons connu des tables rondes, des conf\u00e9rences, des concertations, des forums et des n\u00e9gociations. Certains de ces processus ont emp\u00each\u00e9 notre pays de sombrer davantage. D\u2019autres ont permis de restaurer les institutions, d\u2019organiser des transitions, de mettre fin \u00e0 des affrontements ou de rouvrir la voie d\u00e9mocratique.<\/p>\n\n\n\n<p>La Conf\u00e9rence Nationale Souveraine a port\u00e9 une puissante aspiration \u00e0 la d\u00e9mocratisation et \u00e0 la v\u00e9rit\u00e9 dans la gestion de l\u2019\u00c9tat. Le Dialogue intercongolais de Sun City a contribu\u00e9 \u00e0 r\u00e9unifier les institutions apr\u00e8s des ann\u00e9es de guerre et de partition de fait du territoire national. D\u2019autres rencontres ont permis d\u2019apaiser les tensions et de rapprocher des positions que tout semblait opposer.<\/p>\n\n\n\n<p>Ces processus ont produit des accords, des r\u00e9solutions et des engagements importants. Pourtant, malgr\u00e9 ces avanc\u00e9es, les crises ont ressurgi, les blessures se sont rouvertes, de nouveaux groupes arm\u00e9s sont apparus, les tensions fonci\u00e8res et identitaires se sont aggrav\u00e9es, et les r\u00e9formes engag\u00e9es n\u2019ont pas toujours rendu l\u2019\u00c9tat suffisamment pr\u00e9sent et efficace dans la vie quotidienne de nos populations.<\/p>\n\n\n\n<p>Une question s\u2019impose donc \u00e0 notre conscience nationale : Pourquoi, soixante-six ans apr\u00e8s l\u2019ind\u00e9pendance, notre pays reste-t-il confront\u00e9 aux m\u00eames fragilit\u00e9s, aux m\u00eames fractures et au retour r\u00e9gulier des m\u00eames crises ? Pourquoi tant d\u2019accords n\u2019ont-ils pas encore produit une paix durable et irr\u00e9versible ?<\/p>\n\n\n\n<p>La r\u00e9ponse \u00e0 cette interrogation ne r\u00e9side ni dans la condamnation d\u2019un camp, ni dans la mise en accusation d\u2019une communaut\u00e9 ou d\u2019une g\u00e9n\u00e9ration. Elle se trouve dans des fragilit\u00e9s plus profondes que nous devons examiner avec lucidit\u00e9.<\/p>\n\n\n\n<p>La premi\u00e8re est que nous avons trop souvent r\u00e9pondu aux crises par le partage du pouvoir plut\u00f4t que par la consolidation de l\u2019\u00c9tat. Nous avons r\u00e9parti les fonctions et les responsabilit\u00e9s sans transformer suffisamment les institutions appel\u00e9es \u00e0 survivre aux hommes et aux circonstances. Or, un arrangement politique peut \u00eatre remis en cause ; seule une institution forte, l\u00e9gitime et durable prot\u00e8ge la R\u00e9publique dans le temps.<\/p>\n\n\n\n<p>La deuxi\u00e8me est que nombre de ces processus sont demeur\u00e9s concentr\u00e9s entre acteurs politiques, dans des espaces \u00e9loign\u00e9s des r\u00e9alit\u00e9s quotidiennes de nos populations.<\/p>\n\n\n\n<p>Le peuple congolais a souvent \u00e9t\u00e9 appel\u00e9 \u00e0 soutenir des conclusions qu\u2019il n\u2019avait pas v\u00e9ritablement contribu\u00e9 \u00e0 \u00e9laborer. Pourtant, aucun accord ne peut durer s\u2019il n\u2019est pas compris, appropri\u00e9 et d\u00e9fendu par la Nation elle-m\u00eame.<\/p>\n\n\n\n<p>La troisi\u00e8me est que nos engagements n\u2019ont pas toujours \u00e9t\u00e9 accompagn\u00e9s d\u2019une v\u00e9ritable obligation de r\u00e9sultat. Trop souvent, la signature a \u00e9t\u00e9 confondue avec l\u2019action. Les responsabilit\u00e9s \u00e9taient mal d\u00e9finies, les calendriers impr\u00e9cis, les moyens insuffisamment identifi\u00e9s et les m\u00e9canismes de suivi trop faibles. Ainsi, les promesses ont parfois dur\u00e9 moins longtemps que les crises auxquelles elles devaient mettre fin.<\/p>\n\n\n\n<p>\u00c0 ces insuffisances se sont ajout\u00e9es d\u2019autres erreurs.<\/p>\n\n\n\n<p>L\u2019urgence de faire taire les armes nous a parfois conduits \u00e0 diff\u00e9rer le traitement de v\u00e9ritables causes qui les faisaient rena\u00eetre. La violence a trop souvent sembl\u00e9 ouvrir plus rapidement les portes de la reconnaissance politique que la mobilisation populaire, le m\u00e9rite, le travail, la loyaut\u00e9 r\u00e9publicaine ou le suffrage universel.<\/p>\n\n\n\n<p>Les victimes, quant \u00e0 elles, ont parfois \u00e9t\u00e9 appel\u00e9es \u00e0 pardonner avant d\u2019avoir \u00e9t\u00e9 pleinement entendues, reconnues et r\u00e9par\u00e9es.<\/p>\n\n\n\n<p>Nous avons voulu tourner la page sans toujours l\u2019avoir lue jusqu\u2019au bout. Nous avons voulu reconstruire sans assainir suffisamment les fondations. Nous avons voulu r\u00e9former l\u2019\u00c9tat sans transformer en profondeur son rapport au territoire, \u00e0 la justice, \u00e0 la s\u00e9curit\u00e9, \u00e0 la responsabilit\u00e9 publique et au service du citoyen.<\/p>\n\n\n\n<p>Reconna\u00eetre ces insuffisances ne signifie pas condamner le pass\u00e9. C\u2019est assumer une obligation envers l\u2019avenir.<\/p>\n\n\n\n<p><strong>Mes tr\u00e8s chers compatriotes,<\/strong><\/p>\n\n\n\n<p>Cette exigence de v\u00e9rit\u00e9 sur nos fragilit\u00e9s internes ne doit pr\u00eater \u00e0 aucune \u00e9quivoque.<\/p>\n\n\n\n<p>Reconna\u00eetre nos faiblesses, ce n\u2019est pas absoudre ceux qui agressent notre pays. Interroger nos erreurs, ce n\u2019est pas relativiser l\u2019occupation d\u2019une partie de notre territoire. R\u00e9former l\u2019\u00c9tat, ce n\u2019est pas partager avec l\u2019agresseur la responsabilit\u00e9 des crimes commis contre notre peuple.<\/p>\n\n\n\n<p>Aucune cause, aucune revendication, aucune blessure \u2014 aussi r\u00e9elle soit-elle \u2014 ne peut justifier que l\u2019on ouvre les portes de la maison commune \u00e0 ceux qui viennent la piller, l\u2019occuper et meurtrir ses enfants.<\/p>\n\n\n\n<p>La R\u00e9publique D\u00e9mocratique du Congo est victime d\u2019une agression. Il ne s\u2019agit ni d\u2019une opinion, ni d\u2019une th\u00e8se d\u00e9fendue par Kinshasa, mais d\u2019un constat \u00e9tabli par les instances internationales comp\u00e9tentes et consacr\u00e9 par les r\u00e9solutions 2773 et 2808 du Conseil de s\u00e9curit\u00e9 des Nations Unies. Le droit international a clairement qualifi\u00e9 les faits : des forces \u00e9trang\u00e8res occupent ill\u00e9galement une partie de notre territoire, tandis que des groupes arm\u00e9s y s\u00e8ment la violence, imposent des administrations parall\u00e8les et pillent nos ressources.<\/p>\n\n\n\n<p>Notre position est claire et demeure inflexible : nous exigeons le retrait complet, effectif et v\u00e9rifiable de toutes les forces \u00e9trang\u00e8res non invit\u00e9es ; la cessation de tout soutien politique, militaire, financier ou logistique aux groupes arm\u00e9s ; le d\u00e9mant\u00e8lement des administrations parall\u00e8les ; le r\u00e9tablissement int\u00e9gral de l\u2019autorit\u00e9 de l\u2019\u00c9tat ; ainsi que le retour, dans la s\u00e9curit\u00e9 et la dignit\u00e9, de nos compatriotes d\u00e9plac\u00e9s.<\/p>\n\n\n\n<p>Nous continuerons \u00e0 d\u00e9fendre chaque portion du territoire national, \u00e0 prot\u00e9ger nos populations et \u00e0 faire valoir les droits de la R\u00e9publique devant toutes les instances comp\u00e9tentes.<\/p>\n\n\n\n<p>\u00c0 nos vaillantes Forces arm\u00e9es, \u00e0 notre Police nationale, \u00e0 nos services de s\u00e9curit\u00e9 ainsi qu\u2019aux r\u00e9sistants patriotes Wazalendo qui d\u00e9fendent la Nation dans le respect de la loi, je r\u00e9affirme la reconnaissance de la R\u00e9publique. Leur courage et leur sacrifice donnent tout son sens \u00e0 notre combat pour la souverainet\u00e9.<\/p>\n\n\n\n<p>Beaucoup sont tomb\u00e9s au champ d\u2019honneur. D\u2019autres portent, dans leur chair et leur m\u00e9moire, les blessures du combat. \u00c0 toutes et \u00e0 tous, la Nation exprime son infinie gratitude.<\/p>\n\n\n\n<p><strong>Mes tr\u00e8s chers compatriotes,<\/strong><\/p>\n\n\n\n<p>Depuis mon accession \u00e0 la magistrature supr\u00eame, j\u2019ai fait le choix de l\u2019ouverture, de la consolidation de l\u2019\u00c9tat de droit et du retour de la R\u00e9publique D\u00e9mocratique du Congo au c\u0153ur des dynamiques r\u00e9gionales et internationales.<\/p>\n\n\n\n<p>J\u2019ai privil\u00e9gi\u00e9 la diplomatie, sans jamais transiger sur notre souverainet\u00e9, notre int\u00e9grit\u00e9 territoriale ni les int\u00e9r\u00eats fondamentaux du peuple congolais.<\/p>\n\n\n\n<p>Les processus engag\u00e9s \u00e0 Washington et \u00e0 Doha, ainsi que les initiatives conduites sous l\u2019\u00e9gide de l\u2019Union africaine, avec l\u2019appui de la CIRGL, de la SADC, de l\u2019Union europ\u00e9enne et des Nations Unies, ont ouvert de nouvelles perspectives de sortie de crise.<\/p>\n\n\n\n<p>Le processus de Washington traite principalement de la dimension inter\u00e9tatique du conflit, des engagements de la R\u00e9publique D\u00e9mocratique du Congo et du Rwanda, ainsi que des conditions d\u2019une s\u00e9curit\u00e9 r\u00e9gionale fond\u00e9e sur le respect de la souverainet\u00e9 des \u00c9tats.<\/p>\n\n\n\n<p>Le processus de Doha porte notamment sur la cessation des hostilit\u00e9s avec l\u2019AFC\/M23, les m\u00e9canismes de v\u00e9rification, l\u2019acc\u00e8s humanitaire et les conditions n\u00e9cessaires \u00e0 la stabilisation durable de l\u2019Est de notre pays.<\/p>\n\n\n\n<p>L\u2019Union africaine, \u00e0 travers sa m\u00e9diation et son Panel de facilitateurs, veille \u00e0 la coh\u00e9rence africaine de ces d\u00e9marches, en coordination avec les organisations r\u00e9gionales et nos partenaires internationaux.<\/p>\n\n\n\n<p>Ces processus sont indispensables. Ils doivent \u00eatre poursuivis avec constance et leurs engagements pleinement ex\u00e9cut\u00e9s. Mais ils ne peuvent, \u00e0 eux seuls, r\u00e9parer toutes les fractures qui traversent notre Nation.<\/p>\n\n\n\n<p>Face aux menaces ext\u00e9rieures, notre s\u00e9curit\u00e9 repose d\u2019abord sur notre d\u00e9termination \u00e0 d\u00e9fendre la patrie, sur la solidit\u00e9 de nos institutions et sur l\u2019efficacit\u00e9 de notre diplomatie. Elle peut \u00eatre renforc\u00e9e par l\u2019engagement ferme de nos partenaires vis-\u00e0-vis de l\u2019exigence du bon fonctionnement des m\u00e9canismes internationaux. Mais notre coh\u00e9sion int\u00e9rieure d\u00e9pend avant tout de nous : elle demeure le fondement le plus s\u00fbr de notre souverainet\u00e9 et la meilleure garantie de notre avenir.<\/p>\n\n\n\n<p>Les processus de Washington et de Doha peuvent soutenir nos efforts en faveur de l\u2019assainissement des relations entre \u00c9tats, de la cessation des hostilit\u00e9s et de la stabilisation de l\u2019Est. Mais aucun accord diplomatique ne peut d\u00e9finir, \u00e0 la place des Congolais, la R\u00e9publique que nous voulons b\u00e2tir, ni r\u00e9concilier durablement nos communaut\u00e9s sans leur pleine participation.<\/p>\n\n\n\n<p>Les avanc\u00e9es obtenues sur le terrain diplomatique ne produiront une paix durable que si elles s\u2019appuient sur la coh\u00e9sion nationale et sur la reconstruction int\u00e9rieure de la R\u00e9publique.<\/p>\n\n\n\n<p>C\u2019est pourquoi, apr\u00e8s avoir consult\u00e9 les institutions de la R\u00e9publique, les forces politiques et sociales, les confessions religieuses, les autorit\u00e9s coutumi\u00e8res, les milieux scientifiques, plusieurs personnalit\u00e9s de notre pays ainsi que certains de mes pairs de la sous-r\u00e9gion, j\u2019ai d\u00e9cid\u00e9 de convoquer le Dialogue national pour la paix, la coh\u00e9sion et la refondation de l\u2019\u00c9tat.<\/p>\n\n\n\n<p>Ce Dialogue est une initiative souveraine, con\u00e7ue par les Congolais et pour les Congolais, conduite sur le territoire national et orient\u00e9e exclusivement vers les int\u00e9r\u00eats sup\u00e9rieurs de la Nation.<\/p>\n\n\n\n<p>Il r\u00e9unira les filles et les fils de notre pays autour d\u2019un imp\u00e9ratif qui d\u00e9passe nos personnes, nos partis et nos ambitions, \u00e0 savoir : d\u00e9fendre la R\u00e9publique, consolider la paix, pr\u00e9server l\u2019unit\u00e9 nationale et prot\u00e9ger nos int\u00e9r\u00eats strat\u00e9giques.<\/p>\n\n\n\n<p>Il ne constituera ni une n\u00e9gociation avec l\u2019agresseur ou ses suppl\u00e9tifs ni un moyen d\u00e9tourn\u00e9 de remettre en cause le choix souverain du peuple exprim\u00e9 par les urnes.<\/p>\n\n\n\n<p>Il ne saurait davantage conduire \u00e0 la suspension des institutions de la R\u00e9publique, lesquelles continueront d\u2019exercer pleinement leurs pr\u00e9rogatives jusqu\u2019au terme constitutionnel de leurs mandats.<\/p>\n\n\n\n<p>L\u2019ambition de ce Dialogue est claire : permettre au peuple congolais de ne plus seulement r\u00e9pondre aux manifestations successives de nos crises, mais d\u2019en traiter enfin les ressorts profonds.<\/p>\n\n\n\n<p>Pour y parvenir, nous devons cesser d\u2019envisager l\u2019avenir de la R\u00e9publique \u00e0 travers le seul prisme de nos appartenances politiques, de nos rivalit\u00e9s id\u00e9ologiques et de nos sensibilit\u00e9s communautaires.<\/p>\n\n\n\n<p>L\u2019int\u00e9r\u00eat sup\u00e9rieur de la Nation doit pr\u00e9valoir sur toute autre consid\u00e9ration. La R\u00e9publique nous pr\u00e9c\u00e8de, nous d\u00e9passe et nous survivra.<\/p>\n\n\n\n<p>La coh\u00e9sion nationale \u00e0 laquelle nous aspirons ne commande ni l\u2019effacement de nos divergences ni la renonciation \u00e0 la pluralit\u00e9 d\u00e9mocratique. Elle se fonde sur le respect des diff\u00e9rences et la libert\u00e9 du d\u00e9bat, et se mesure \u00e0 notre capacit\u00e9 \u00e0 d\u00e9fendre des projets distincts sans trahir la R\u00e9publique, comme \u00e0 vivre pleinement nos appartenances culturelles, linguistiques, provinciales ou politiques sans jamais les placer au-dessus de notre commune citoyennet\u00e9 congolaise.<\/p>\n\n\n\n<p>Car si la d\u00e9mocratie nous autorise \u00e0 nous opposer ; la Patrie, elle, nous interdit de nous d\u00e9chirer.<\/p>\n\n\n\n<p><strong>Mes tr\u00e8s chers compatriotes,<\/strong><\/p>\n\n\n\n<p>Ce Dialogue national se distinguera d\u2019abord par son ancrage territorial : il ne commencera pas \u00e0 Kinshasa, mais au c\u0153ur de nos 26 provinces, de nos territoires et de nos communaut\u00e9s.<\/p>\n\n\n\n<p>Avant les assises nationales, une vaste consultation politique et technique sera organis\u00e9e dans chaque province.<\/p>\n\n\n\n<p>Des forums pr\u00e9liminaires r\u00e9uniront, au chef-lieu provincial, les populations et les autorit\u00e9s locales, les d\u00e9put\u00e9s nationaux et les s\u00e9nateurs \u00e9lus de la province, les repr\u00e9sentants des entit\u00e9s territoriales d\u00e9centralis\u00e9es et d\u00e9concentr\u00e9es, les partis et regroupements politiques de la majorit\u00e9 et de l\u2019opposition, la soci\u00e9t\u00e9 civile, les autorit\u00e9s coutumi\u00e8res, les confessions religieuses ainsi que les milieux professionnels, \u00e9conomiques, universitaires et scientifiques.<\/p>\n\n\n\n<p>Chaque province \u00e9tablira, en toute franchise, son propre diagnostic : les causes de l\u2019ins\u00e9curit\u00e9, les conflits fonciers et coutumiers, les tensions communautaires, les insuffisances administratives, les in\u00e9galit\u00e9s, les obstacles au d\u00e9veloppement et les r\u00e9formes jug\u00e9es n\u00e9cessaires.<\/p>\n\n\n\n<p>La consultation associera \u00e9galement les institutions et services publics nationaux ; les entreprises et \u00e9tablissements publics ; les organisations des femmes, des jeunes, des travailleurs, des personnes vivant avec handicap et autres personnes vuln\u00e9rables ; les entrepreneurs, les agriculteurs, les enseignants, les chercheurs, les artistes, les professionnels de sant\u00e9, les acteurs de l\u2019\u00e9conomie informelle ainsi que la diaspora congolaise.<\/p>\n\n\n\n<p>Chaque entit\u00e9 consult\u00e9e formulera ses priorit\u00e9s et ses propositions. L\u2019ensemble de ces contributions sera consolid\u00e9 dans un document de synth\u00e8se nationale, qui constituera le socle des travaux et garantira l\u2019ancrage populaire des assises nationales.<\/p>\n\n\n\n<p>Ainsi, les assises de Kinshasa ne seront pas le point de d\u00e9part du Dialogue, mais l\u2019aboutissement d\u2019une parole recueillie \u00e0 travers tout le pays.<\/p>\n\n\n\n<p>Le peuple congolais ne sera pas appel\u00e9 \u00e0 ent\u00e9riner les conclusions d\u2019une n\u00e9gociation men\u00e9e sans lui : il sera la source, la conscience et le v\u00e9ritable auteur de ce processus.<\/p>\n\n\n\n<p>Les assises nationales r\u00e9uniront des d\u00e9l\u00e9gu\u00e9s refl\u00e9tant la diversit\u00e9 politique, institutionnelle, sociale, territoriale et culturelle de la Nation.<\/p>\n\n\n\n<p>Ce Dialogue ne sera la propri\u00e9t\u00e9 d\u2019aucun parti, d\u2019aucune institution, d\u2019aucune confession religieuse, d\u2019aucune personnalit\u00e9 ni d\u2019aucune majorit\u00e9 politique.<\/p>\n\n\n\n<p>Il garantira une parole libre, contradictoire et responsable, dans le respect de la Constitution, des lois de la R\u00e9publique et de l\u2019int\u00e9r\u00eat national.<\/p>\n\n\n\n<p>Telle sera sa diff\u00e9rence : une diff\u00e9rence de m\u00e9thode, d\u2019ancrage et de nature.<\/p>\n\n\n\n<p>Toutefois, l\u2019inclusivit\u00e9 ne signifie ni l\u2019effacement des principes ni la confusion des responsabilit\u00e9s.<\/p>\n\n\n\n<p>Nul ne sera exclu en raison de ses opinions, de ses critiques, de son appartenance politique, de son origine provinciale, de sa langue, de son ethnie ou de sa religion.<\/p>\n\n\n\n<p>Mais nul ne peut pr\u00e9tendre s\u2019asseoir \u00e0 la table de la Nation tout en prenant les armes contre elle.<\/p>\n\n\n\n<p>Aucune arme ne conf\u00e9rera \u00e0 son porteur un droit sup\u00e9rieur \u00e0 celui que le suffrage reconna\u00eet au citoyen.<\/p>\n\n\n\n<p>Aucune conqu\u00eate militaire ne pourra \u00eatre convertie en l\u00e9gitimit\u00e9 politique.<\/p>\n\n\n\n<p>Aucun mouvement arm\u00e9 ne pourra invoquer l\u2019inclusivit\u00e9 pour imposer par la force ce qu\u2019il n\u2019a pas obtenu par les voies d\u00e9mocratiques.<\/p>\n\n\n\n<p>Le processus de Doha demeure le cadre appropri\u00e9 pour traiter avec l\u2019AFC\/M23 des questions relatives \u00e0 la cessation des hostilit\u00e9s, au d\u00e9sengagement, au cantonnement, au d\u00e9sarmement et aux autres modalit\u00e9s directement li\u00e9es au conflit.<\/p>\n\n\n\n<p>Le Dialogue national ne se substituera pas \u00e0 ce processus.<\/p>\n\n\n\n<p>Il ne deviendra pas davantage une voie parall\u00e8le permettant d\u2019obtenir par les armes ce que la d\u00e9mocratie et l\u2019ordre constitutionnel n\u2019ont pas accord\u00e9.<\/p>\n\n\n\n<p>Une voie de r\u00e9int\u00e9gration au sein de la communaut\u00e9 nationale restera n\u00e9anmoins ouverte \u00e0 ceux qui, \u00e0 titre individuel, renonceront de mani\u00e8re sinc\u00e8re et v\u00e9rifiable \u00e0 leur engagement arm\u00e9 et \u00e0 toute forme de violence, et qui condamneront sans \u00e9quivoque l\u2019agression dont notre pays est victime.<\/p>\n\n\n\n<p>Leur prise en charge s\u2019inscrira dans les m\u00e9canismes de d\u00e9sarmement, de d\u00e9mobilisation, de r\u00e9int\u00e9gration, de rel\u00e8vement communautaire et de stabilisation, ainsi que dans les dispositifs de justice et de r\u00e9conciliation.<\/p>\n\n\n\n<p>Mais la paix ne saurait signifier l\u2019impunit\u00e9.<\/p>\n\n\n\n<p>Les crimes de guerre, les crimes contre l\u2019humanit\u00e9, les actes de g\u00e9nocide, les violences sexuelles graves et les autres crimes imprescriptibles ne pourront \u00eatre effac\u00e9s par une amnistie g\u00e9n\u00e9rale ni sacrifi\u00e9s au nom d\u2019un compromis politique.<\/p>\n\n\n\n<p>Nous ne construirons pas la r\u00e9conciliation sur l\u2019oubli. Nous ne laisserons pas davantage la vengeance, la haine ou la peur d\u00e9cider de l\u2019avenir de nos enfants.<\/p>\n\n\n\n<p>Notre responsabilit\u00e9 sera de tenir ensemble deux exigences indissociables : ouvrir le chemin de la paix \u00e0 celles et ceux qui renoncent sinc\u00e8rement \u00e0 la violence et garantir la justice \u00e0 celles et ceux qui en ont \u00e9t\u00e9 les victimes.<\/p>\n\n\n\n<p><strong>Mes tr\u00e8s chers compatriotes,<\/strong><\/p>\n\n\n\n<p>Afin que ce processus ne demeure pas une simple d\u00e9claration d\u2019intention, je prendrai, dans les tout prochains jours, une ordonnance instituant le Comit\u00e9 d\u2019organisation du Dialogue national pour la paix, la coh\u00e9sion nationale et la refondation de l\u2019\u00c9tat.<\/p>\n\n\n\n<p>Ce Comit\u00e9 sera charg\u00e9 d\u2019assurer la pr\u00e9paration administrative, mat\u00e9rielle et logistique du Dialogue, et de veiller \u00e0 ce que les pr\u00e9alables indispensables \u00e0 sa bonne tenue soient r\u00e9unis.<\/p>\n\n\n\n<p>\u00c0 l\u2019issue de ses travaux, il me soumettra un rapport pr\u00e9liminaire pr\u00e9sentant ses conclusions et ses recommandations.<\/p>\n\n\n\n<p>Sur la base de ce rapport, je signerai une ordonnance convoquant le Dialogue national. Celle-ci en fixera les principes directeurs, les principales \u00e9tapes, les modalit\u00e9s de repr\u00e9sentation ainsi que les m\u00e9canismes de suivi et de mise en \u0153uvre de ses conclusions.<\/p>\n\n\n\n<p>Elle instituera \u00e9galement une Commission pr\u00e9paratoire charg\u00e9e de concevoir et d\u2019organiser le processus, d\u2019en proposer la feuille de route et de conduire les consultations techniques et politiques.<\/p>\n\n\n\n<p>Ses membres seront choisis pour leur comp\u00e9tence, leur probit\u00e9, leur ind\u00e9pendance d\u2019esprit et leur attachement \u00e0 l\u2019int\u00e9r\u00eat national.<\/p>\n\n\n\n<p>Les confessions religieuses y seront repr\u00e9sent\u00e9es et contribueront, par leur autorit\u00e9 morale, leur exp\u00e9rience et leur proximit\u00e9 avec les populations, \u00e0 instaurer la confiance et \u00e0 favoriser le consensus.<\/p>\n\n\n\n<p>Les autres organes du Dialogue, notamment le Bureau et l\u2019Assembl\u00e9e pl\u00e9ni\u00e8re, ainsi que leurs attributions et leurs modalit\u00e9s de fonctionnement, suivront par la suite.<\/p>\n\n\n\n<p>Le processus s\u2019ouvrira par des consultations dans les provinces. Il se poursuivra par des assises nationales \u00e0 Kinshasa, sur le territoire de la R\u00e9publique.<\/p>\n\n\n\n<p>Car un dialogue congolais consacr\u00e9 \u00e0 l\u2019avenir du Congo doit se tenir au Congo, sous la responsabilit\u00e9 des Congolais.<\/p>\n\n\n\n<p>L\u2019ensemble du processus sera limit\u00e9 \u00e0 une dur\u00e9e maximale de trois mois. Il devra \u00eatre suffisamment inclusif pour garantir une expression libre, pluraliste et repr\u00e9sentative, tout en demeurant rigoureusement encadr\u00e9 afin de pr\u00e9venir l\u2019enlisement, les man\u0153uvres dilatoires et la dilution des responsabilit\u00e9s.<\/p>\n\n\n\n<p>Les assises devront aboutir \u00e0 l\u2019adoption d\u2019un Pacte national pour la paix, la coh\u00e9sion et la refondation de l\u2019\u00c9tat.<\/p>\n\n\n\n<p>Ce Pacte ne sera pas une d\u00e9claration de principes sans lendemain. Ses conclusions seront r\u00e9parties et mises en \u0153uvre conform\u00e9ment aux comp\u00e9tences constitutionnelles de chaque institution.<\/p>\n\n\n\n<p>Les engagements relevant du Pr\u00e9sident de la R\u00e9publique feront l\u2019objet de d\u00e9cisions pr\u00e9cises. Ceux qui rel\u00e8vent du Gouvernement seront traduits en actions assorties d\u2019\u00e9ch\u00e9ances, de moyens et d\u2019objectifs mesurables.<\/p>\n\n\n\n<p>Les r\u00e9formes relevant du Parlement lui seront transmises conform\u00e9ment aux proc\u00e9dures pr\u00e9vues par la Constitution.<\/p>\n\n\n\n<p>Une matrice publique de mise en \u0153uvre pr\u00e9cisera, pour chaque engagement, l\u2019institution responsable, le calendrier d\u2019ex\u00e9cution et les r\u00e9sultats attendus.<\/p>\n\n\n\n<p>Un m\u00e9canisme national de suivi sera institu\u00e9, et des rapports p\u00e9riodiques seront rendus publics.<\/p>\n\n\n\n<p>Chaque Congolaise et chaque Congolais devra pouvoir conna\u00eetre les engagements ex\u00e9cut\u00e9s, ceux qui restent \u00e0 accomplir et les difficult\u00e9s rencontr\u00e9es.<\/p>\n\n\n\n<p>C\u2019est par la transparence que nous reconstruirons la confiance. C\u2019est par l\u2019ex\u00e9cution que nous distinguerons ce Dialogue de tous ceux qui l\u2019ont pr\u00e9c\u00e9d\u00e9.<\/p>\n\n\n\n<p>Je compte \u00e9galement sur l\u2019engagement des autorit\u00e9s coutumi\u00e8res, de la soci\u00e9t\u00e9 civile et de l\u2019ensemble des forces morales et sociales de la Nation.<\/p>\n\n\n\n<p>Dans cette p\u00e9riode d\u00e9cisive, leur ancrage aupr\u00e8s des populations sera essentiel pour contribuer \u00e0 l\u2019apaisement des tensions, au rapprochement des communaut\u00e9s et \u00e0 la consolidation de la coh\u00e9sion nationale.<\/p>\n\n\n\n<p>\u00c0 notre invitation, les partenaires internationaux pourront accompagner la mise en \u0153uvre des engagements n\u00e9cessitant leur concours, notamment dans les domaines de la paix, de la reconstruction, de la justice transitionnelle, de la r\u00e9forme du secteur de la s\u00e9curit\u00e9 et du d\u00e9veloppement, et cela dans le strict respect de notre souverainet\u00e9 et des choix du peuple congolais.<\/p>\n\n\n\n<p><strong>Mes tr\u00e8s chers compatriotes,<\/strong><\/p>\n\n\n\n<p>Un dialogue sinc\u00e8re exige un climat politique serein.<\/p>\n\n\n\n<p>\u00c0 cet effet, je donnerai instruction au Gouvernement d\u2019engager, en concertation avec les institutions comp\u00e9tentes et dans le strict respect de la s\u00e9paration des pouvoirs, la pr\u00e9paration et la mise en \u0153uvre de mesures de confiance et de d\u00e9crispation politique.<\/p>\n\n\n\n<p>Conformes \u00e0 la l\u00e9gislation en vigueur, ces mesures devront pr\u00e9server l\u2019ind\u00e9pendance de la justice, garantir les droits des victimes et tenir compte des imp\u00e9ratifs de s\u00e9curit\u00e9 nationale, tout en favorisant un d\u00e9bat apais\u00e9 dans lequel chacun pourra d\u00e9fendre ses convictions sans haine, intol\u00e9rance ni violence.<\/p>\n\n\n\n<p>Dans l\u2019esprit de responsabilit\u00e9 et de concorde nationale qui guide cette d\u00e9marche, je veillerai personnellement \u00e0 ce que soient r\u00e9unies, dans le strict respect des lois de la R\u00e9publique et des exigences de la paix civile, les conditions de s\u00e9curit\u00e9 et de confiance n\u00e9cessaires au retour et \u00e0 la participation de ceux de nos compatriotes que les \u00e9preuves de notre histoire r\u00e9cente ont conduits, pour diverses raisons, \u00e0 se tenir en marge de l\u2019unit\u00e9 nationale.<\/p>\n\n\n\n<p>J\u2019en appelle \u00e9galement \u00e0 ceux qui se sont engag\u00e9s dans des voies contraires \u00e0 l\u2019id\u00e9al national, mais qui souhaitent aujourd\u2019hui se ressaisir : le moment est venu de renouer avec la R\u00e9publique et de reprendre pleinement leur place au sein de la communaut\u00e9 nationale.<\/p>\n\n\n\n<p>J\u2019invite enfin chaque acteur politique, social, religieux ou communautaire \u00e0 accomplir le geste d\u2019apaisement que la Nation attend de lui : baisser le ton, renoncer aux discours de haine, proscrire tout appel \u00e0 la violence, pr\u00e9f\u00e9rer l\u2019argument \u00e0 l\u2019invective et placer, en toutes circonstances, l\u2019int\u00e9r\u00eat sup\u00e9rieur de la R\u00e9publique au-dessus des int\u00e9r\u00eats partisans.<\/p>\n\n\n\n<p><strong>Congolaises, Congolais,<\/strong><\/p>\n\n\n\n<p><strong>Mes tr\u00e8s chers compatriotes,<\/strong><\/p>\n\n\n\n<p>L\u2019heure n\u2019est plus aux postures st\u00e9riles. L\u2019heure n\u2019est plus aux querelles de pr\u00e9s\u00e9ance ni aux fractures entretenues au d\u00e9triment du peuple. L\u2019heure est au sursaut, \u00e0 l\u2019unit\u00e9 et \u00e0 l\u2019action.<\/p>\n\n\n\n<p>Au-del\u00e0 des crises pr\u00e9sentes, la d\u00e9marche que nous engageons nous invite \u00e0 un choix historique : Voulons-nous leur l\u00e9guer une R\u00e9publique condamn\u00e9e \u00e0 subir les crises, ou un \u00c9tat capable de les pr\u00e9venir et de prot\u00e9ger durablement sa population ?<\/p>\n\n\n\n<p>Voulons-nous leur laisser un territoire immense mais in\u00e9galement administr\u00e9, ou une puissance publique pr\u00e9sente dans chaque province, jusqu\u2019au dernier village et \u00e0 la derni\u00e8re fronti\u00e8re ?<\/p>\n\n\n\n<p>Voulons-nous une d\u00e9mocratie o\u00f9 chaque comp\u00e9tition politique menace la coh\u00e9sion nationale, ou une R\u00e9publique o\u00f9 les d\u00e9saccords s\u2019expriment librement, sans compromettre la paix civile ni la continuit\u00e9 de l\u2019\u00c9tat ?<\/p>\n\n\n\n<p>Voulons-nous, enfin, leur transmettre une \u00e9conomie qui exporte ses richesses tout en maintenant son peuple dans la pr\u00e9carit\u00e9, ou une \u00e9conomie qui transforme ses ressources, cr\u00e9e des emplois, r\u00e9duit les in\u00e9galit\u00e9s et am\u00e9liore r\u00e9ellement les conditions de vie ?<\/p>\n\n\n\n<p>Nous devons b\u00e2tir une R\u00e9publique o\u00f9 nul n\u2019aura \u00e0 prendre les armes pour \u00eatre entendu ; o\u00f9 l\u2019appartenance ethnique, provinciale ou sociale ne sera ni un privil\u00e8ge ni un motif d\u2019exclusion ; o\u00f9 la justice ne sera pas l\u2019apanage des puissants ; o\u00f9, enfin, notre diversit\u00e9 ne sera plus instrumentalis\u00e9e pour nous diviser, mais reconnue comme une richesse et mise au service de l\u2019unit\u00e9 nationale.<\/p>\n\n\n\n<p>Nous voulons une R\u00e9publique r\u00e9concili\u00e9e avec elle-m\u00eame, respect\u00e9e dans la r\u00e9gion et capable d\u2019assumer, au c\u0153ur de l\u2019Afrique, le r\u00f4le que lui assignent son histoire, sa g\u00e9ographie, son peuple et ses ressources.<\/p>\n\n\n\n<p>\u00c0 la jeunesse congolaise, je veux dire ceci : ce Dialogue ne concerne pas seulement le pays tel qu\u2019il est aujourd\u2019hui. Il engage l\u2019\u00c9tat dont vous h\u00e9riterez demain.<\/p>\n\n\n\n<p>Ne laissez personne d\u00e9cider de votre avenir sans vous. Prenez toute votre place dans ce processus. Portez-y vos id\u00e9es, vos exigences, votre cr\u00e9ativit\u00e9 et votre volont\u00e9 de transformation.<\/p>\n\n\n\n<p>Rejetez les discours de haine, les manipulations identitaires et les appels \u00e0 la violence. La R\u00e9publique a besoin de votre intelligence, de votre \u00e9nergie et de votre courage.<\/p>\n\n\n\n<p>Aux responsables politiques, je demande de mesurer pleinement la port\u00e9e de ce moment. Le Dialogue ne devra \u00eatre ni un march\u00e9 politique, ni un instrument de repositionnement personnel, ni une tribune de r\u00e8glement de comptes.<\/p>\n\n\n\n<p>Il devra servir exclusivement la paix, l\u2019unit\u00e9 nationale et l\u2019int\u00e9r\u00eat sup\u00e9rieur de la R\u00e9publique.<\/p>\n\n\n\n<p>Aux \u00c9tats et organisations partenaires, notamment les \u00c9tats-Unis d\u2019Am\u00e9rique, l\u2019\u00c9tat du Qatar, l\u2019Union africaine et l\u2019Union europ\u00e9enne, les participants solliciteront un accompagnement ferme et constant.<\/p>\n\n\n\n<p>Celui-ci devra contribuer au retrait des troupes rwandaises du territoire congolais, au d\u00e9p\u00f4t des armes par l\u2019AFC\/M23 et \u00e0 l\u2019aboutissement des processus engag\u00e9s \u00e0 Washington et \u00e0 Doha.<\/p>\n\n\n\n<p>Pour ma part, je prends devant la Nation l\u2019engagement de garantir l\u2019ind\u00e9pendance, la repr\u00e9sentativit\u00e9 et la s\u00e9curit\u00e9 de ce Dialogue. Je veillerai \u00e0 ce qu\u2019il ne soit confisqu\u00e9 par aucun camp ni d\u00e9tourn\u00e9 de sa finalit\u00e9.<\/p>\n\n\n\n<p>Je veillerai \u00e9galement \u00e0 ce que ses conclusions ne se perdent ni dans les calculs politiciens, ni dans l\u2019oubli. Elles devront \u00eatre traduites en d\u00e9cisions, en r\u00e9formes et en r\u00e9sultats concrets pour notre peuple.<\/p>\n\n\n\n<p>Nous avons h\u00e9rit\u00e9 d\u2019un pays immense, mais d\u2019un \u00c9tat encore fragile. Nous n\u2019avons pas choisi cet h\u00e9ritage, mais nous pouvons choisir ce que nous en ferons.<\/p>\n\n\n\n<p>Il nous appartient de transformer les souffrances d\u2019hier en fondations pour demain, et transmettre aux g\u00e9n\u00e9rations futures non pas un pays perp\u00e9tuellement \u00e0 reconstruire, mais un \u00c9tat solide, une Nation unie et une R\u00e9publique souveraine, pleinement ma\u00eetresse de son destin.<\/p>\n\n\n\n<p>C\u2019est dans cet esprit que je d\u00e9clare officiellement lanc\u00e9 le processus du Dialogue national pour la paix, la coh\u00e9sion et la refondation de l\u2019\u00c9tat.<\/p>\n\n\n\n<p>Que vive l\u2019unit\u00e9 nationale.<\/p>\n\n\n\n<p>Que Dieu b\u00e9nisse la R\u00e9publique D\u00e9mocratique du Congo et son peuple.<\/p>\n\n\n\n<p>Je vous remercie.<\/p>\n","protected":false},"excerpt":{"rendered":"<p>Kinshasa, le 27 Ao\u00fbt 2026 Congolaises, Congolais, Mes tr\u00e8s chers compatriotes, Dans la marche d\u2019une Nation, certains moments exigent davantage que la gestion du pr\u00e9sent : ils commandent d\u2019envisager l\u2019avenir avec lucidit\u00e9 et de le pr\u00e9parer avec courage. Lorsque les d\u00e9fis mettent \u00e0 l\u2019\u00e9preuve notre unit\u00e9 et notre destin collectif, nous devons savoir transcender nos [&hellip;]<\/p>\n","protected":false},"author":1,"featured_media":5544,"comment_status":"open","ping_status":"open","sticky":false,"template":"","format":"standard","meta":{"_view_id":"","footnotes":""},"categories":[9],"tags":[],"class_list":["post-5599","post","type-post","status-publish","format-standard","has-post-thumbnail","hentry","category-non-classifiee"],"_links":{"self":[{"href":"https:\/\/drcinqatar.org\/fr\/wp-json\/wp\/v2\/posts\/5599","targetHints":{"allow":["GET"]}}],"collection":[{"href":"https:\/\/drcinqatar.org\/fr\/wp-json\/wp\/v2\/posts"}],"about":[{"href":"https:\/\/drcinqatar.org\/fr\/wp-json\/wp\/v2\/types\/post"}],"author":[{"embeddable":true,"href":"https:\/\/drcinqatar.org\/fr\/wp-json\/wp\/v2\/users\/1"}],"replies":[{"embeddable":true,"href":"https:\/\/drcinqatar.org\/fr\/wp-json\/wp\/v2\/comments?post=5599"}],"version-history":[{"count":1,"href":"https:\/\/drcinqatar.org\/fr\/wp-json\/wp\/v2\/posts\/5599\/revisions"}],"predecessor-version":[{"id":5600,"href":"https:\/\/drcinqatar.org\/fr\/wp-json\/wp\/v2\/posts\/5599\/revisions\/5600"}],"wp:featuredmedia":[{"embeddable":true,"href":"https:\/\/drcinqatar.org\/fr\/wp-json\/wp\/v2\/media\/5544"}],"wp:attachment":[{"href":"https:\/\/drcinqatar.org\/fr\/wp-json\/wp\/v2\/media?parent=5599"}],"wp:term":[{"taxonomy":"category","embeddable":true,"href":"https:\/\/drcinqatar.org\/fr\/wp-json\/wp\/v2\/categories?post=5599"},{"taxonomy":"post_tag","embeddable":true,"href":"https:\/\/drcinqatar.org\/fr\/wp-json\/wp\/v2\/tags?post=5599"}],"curies":[{"name":"wp","href":"https:\/\/api.w.org\/{rel}","templated":true}]}}