
{"id":5621,"date":"2026-08-25T09:50:30","date_gmt":"2026-08-25T09:50:30","guid":{"rendered":"https:\/\/drcinqatar.org\/la-republique-democratique-du-congo-assume-la-presidence-du-conseil-de-securite-des-nations-unies-pour-le-mois-de-juillet-2026\/"},"modified":"2026-08-25T09:50:30","modified_gmt":"2026-08-25T09:50:30","slug":"la-republique-democratique-du-congo-assume-la-presidence-du-conseil-de-securite-des-nations-unies-pour-le-mois-de-juillet-2026","status":"publish","type":"post","link":"https:\/\/drcinqatar.org\/fr\/la-republique-democratique-du-congo-assume-la-presidence-du-conseil-de-securite-des-nations-unies-pour-le-mois-de-juillet-2026\/","title":{"rendered":"La R\u00e9publique d\u00e9mocratique du Congo assume la Pr\u00e9sidence du Conseil de s\u00e9curit\u00e9 des Nations Unies pour le mois de juillet 2026"},"content":{"rendered":"\n<p><strong>Kinshasa, le 1er juillet 2026<\/strong> \u2014 La R\u00e9publique d\u00e9mocratique du Congo (RDC) assume, \u00e0 compter de ce 1er juillet 2026, la pr\u00e9sidence tournante du Conseil de s\u00e9curit\u00e9 des Nations Unies, conform\u00e9ment au principe de rotation mensuelle entre les membres de cet organe charg\u00e9 du maintien de la paix et de la s\u00e9curit\u00e9 internationales.<\/p>\n\n\n\n<p>Cette pr\u00e9sidence intervient six mois apr\u00e8s le d\u00e9but du mandat de la RDC en qualit\u00e9 de membre non permanent du Conseil de s\u00e9curit\u00e9 pour la p\u00e9riode 2026-2027. Elle rev\u00eat une port\u00e9e particuli\u00e8re puisqu\u2019il s\u2019agit de la premi\u00e8re pr\u00e9sidence congolaise du Conseil depuis plus de trente ans. Elle constitue une occasion historique pour la RDC de contribuer activement aux r\u00e9flexions internationales sur les d\u00e9fis contemporains de paix et de s\u00e9curit\u00e9 et de promouvoir un multilat\u00e9ralisme fond\u00e9 sur le dialogue, le respect du droit international et la recherche de solutions durables.<\/p>\n\n\n\n<p>Plac\u00e9e sous la devise du mandat congolais, <strong>\u00ab Plus de paix, plus de justice, plus de d\u00e9veloppement, plus de multilat\u00e9ralisme \u00bb<\/strong>, cette pr\u00e9sidence sera guid\u00e9e par la conviction que les conflits contemporains ne peuvent \u00eatre durablement r\u00e9solus sans s\u2019attaquer \u00e0 leurs causes profondes.<\/p>\n\n\n\n<p>La gouvernance responsable des ressources naturelles, la protection des populations civiles, la lutte contre l\u2019impunit\u00e9, la justice transitionnelle, l\u2019agenda <strong>Femmes, Paix et S\u00e9curit\u00e9<\/strong>, l\u2019implication des jeunes dans la consolidation de la paix, ainsi que le renforcement des partenariats avec les organisations r\u00e9gionales, en particulier l\u2019Union africaine, constitueront les principaux axes de cette pr\u00e9sidence.<\/p>\n\n\n\n<p><strong>Trois \u00e9v\u00e9nements de haut niveau illustreront cette ambition.<\/strong><\/p>\n\n\n\n<p><strong>Le 8 juillet<\/strong>, Son Excellence Madame la Premi\u00e8re Ministre pr\u00e9sidera un briefing du Conseil consacr\u00e9 aux violences sexuelles li\u00e9es aux conflits. Cette r\u00e9union mettra en lumi\u00e8re le co\u00fbt humain des \u00e9conomies de guerre et la n\u00e9cessit\u00e9 de renforcer la pr\u00e9vention, la protection des survivantes, la lutte contre l\u2019impunit\u00e9 ainsi que les m\u00e9canismes de r\u00e9paration.<\/p>\n\n\n\n<p><strong>Le 13 juillet<\/strong>, Son Excellence Madame la Ministre d\u2019\u00c9tat, Ministre des Affaires \u00e9trang\u00e8res pr\u00e9sidera une r\u00e9union, selon la formule <strong>\u00ab Arria \u00bb<\/strong>, consacr\u00e9e au lien entre ressources naturelles, conflits et paix. Cette rencontre ouvrira une r\u00e9flexion sur les lacunes du cadre normatif international face aux \u00e9conomies de guerre et sur les perspectives d\u2019un cadre plus coh\u00e9rent en mati\u00e8re de gouvernance des ressources naturelles.<\/p>\n\n\n\n<p><strong>Le 21 juillet<\/strong>, Son Excellence Monsieur le Pr\u00e9sident de la R\u00e9publique pr\u00e9sidera un d\u00e9bat public de haut niveau sur le th\u00e8me <strong>\u00ab La gouvernance des ressources naturelles, fondement de la paix, de la s\u00e9curit\u00e9 et de la prosp\u00e9rit\u00e9 \u00bb<\/strong>.<\/p>\n\n\n\n<p>Ce d\u00e9bat visera \u00e0 promouvoir une approche int\u00e9gr\u00e9e faisant des ressources naturelles un levier de pr\u00e9vention des conflits, de coop\u00e9ration internationale, de d\u00e9veloppement durable et de prosp\u00e9rit\u00e9 partag\u00e9e.<\/p>\n\n\n\n<p>\u00c0 travers cette pr\u00e9sidence, la R\u00e9publique d\u00e9mocratique du Congo entend mettre son exp\u00e9rience au service de la communaut\u00e9 internationale.<\/p>\n\n\n\n<p>Elle exercera cette responsabilit\u00e9 dans un esprit d\u2019ouverture, de dialogue et de coop\u00e9ration, avec la volont\u00e9 de contribuer au d\u00e9veloppement de r\u00e9ponses internationales plus int\u00e9gr\u00e9es, plus pr\u00e9ventives et plus durables aux d\u00e9fis contemporains de la paix et de la s\u00e9curit\u00e9.<\/p>\n\n\n\n<p>Convaincue que les \u00c9tats directement confront\u00e9s aux conflits ont \u00e9galement un r\u00f4le \u00e0 jouer dans l\u2019\u00e9laboration des solutions collectives, la RDC entend apporter sa contribution aux r\u00e9flexions internationales sur la pr\u00e9vention des conflits et la consolidation d\u2019une paix durable.<\/p>\n\n\n\n<p><strong>FIN<\/strong><\/p>\n\n\n\n<p><\/p>\n","protected":false},"excerpt":{"rendered":"<p>Kinshasa, le 1er juillet 2026 \u2014 La R\u00e9publique d\u00e9mocratique du Congo (RDC) assume, \u00e0 compter de ce 1er juillet 2026, la pr\u00e9sidence tournante du Conseil de s\u00e9curit\u00e9 des Nations Unies, conform\u00e9ment au principe de rotation mensuelle entre les membres de cet organe charg\u00e9 du maintien de la paix et de la s\u00e9curit\u00e9 internationales. Cette pr\u00e9sidence [&hellip;]<\/p>\n","protected":false},"author":1,"featured_media":5544,"comment_status":"open","ping_status":"open","sticky":false,"template":"","format":"standard","meta":{"_view_id":"","footnotes":""},"categories":[9],"tags":[],"class_list":["post-5621","post","type-post","status-publish","format-standard","has-post-thumbnail","hentry","category-non-classifiee"],"_links":{"self":[{"href":"https:\/\/drcinqatar.org\/fr\/wp-json\/wp\/v2\/posts\/5621","targetHints":{"allow":["GET"]}}],"collection":[{"href":"https:\/\/drcinqatar.org\/fr\/wp-json\/wp\/v2\/posts"}],"about":[{"href":"https:\/\/drcinqatar.org\/fr\/wp-json\/wp\/v2\/types\/post"}],"author":[{"embeddable":true,"href":"https:\/\/drcinqatar.org\/fr\/wp-json\/wp\/v2\/users\/1"}],"replies":[{"embeddable":true,"href":"https:\/\/drcinqatar.org\/fr\/wp-json\/wp\/v2\/comments?post=5621"}],"version-history":[{"count":0,"href":"https:\/\/drcinqatar.org\/fr\/wp-json\/wp\/v2\/posts\/5621\/revisions"}],"wp:featuredmedia":[{"embeddable":true,"href":"https:\/\/drcinqatar.org\/fr\/wp-json\/wp\/v2\/media\/5544"}],"wp:attachment":[{"href":"https:\/\/drcinqatar.org\/fr\/wp-json\/wp\/v2\/media?parent=5621"}],"wp:term":[{"taxonomy":"category","embeddable":true,"href":"https:\/\/drcinqatar.org\/fr\/wp-json\/wp\/v2\/categories?post=5621"},{"taxonomy":"post_tag","embeddable":true,"href":"https:\/\/drcinqatar.org\/fr\/wp-json\/wp\/v2\/tags?post=5621"}],"curies":[{"name":"wp","href":"https:\/\/api.w.org\/{rel}","templated":true}]}}